{"id":33111,"date":"2026-09-01T18:00:39","date_gmt":"2026-09-01T16:00:39","guid":{"rendered":"https:\/\/www.medincell.com\/?p=33111"},"modified":"2026-09-01T18:02:54","modified_gmt":"2026-09-01T16:02:54","slug":"medincell-nomme-le-dr-edna-venneker-au-poste-de-directrice-medicale","status":"publish","type":"post","link":"https:\/\/www.medincell.com\/fr\/medincell-nomme-le-dr-edna-venneker-au-poste-de-directrice-medicale\/","title":{"rendered":"Medincell nomme le Dr Edna Venneker au poste de Directrice M\u00e9dicale"},"content":{"rendered":"[vc_row type=\u00a0\u00bbin_container\u00a0\u00bb full_screen_row_position=\u00a0\u00bbmiddle\u00a0\u00bb column_margin=\u00a0\u00bbdefault\u00a0\u00bb column_direction=\u00a0\u00bbdefault\u00a0\u00bb column_direction_tablet=\u00a0\u00bbdefault\u00a0\u00bb column_direction_phone=\u00a0\u00bbdefault\u00a0\u00bb scene_position=\u00a0\u00bbcenter\u00a0\u00bb text_color=\u00a0\u00bbdark\u00a0\u00bb text_align=\u00a0\u00bbleft\u00a0\u00bb row_border_radius=\u00a0\u00bbnone\u00a0\u00bb row_border_radius_applies=\u00a0\u00bbbg\u00a0\u00bb row_position_desktop=\u00a0\u00bbdefault\u00a0\u00bb row_position_tablet=\u00a0\u00bbinherit\u00a0\u00bb row_position_phone=\u00a0\u00bbinherit\u00a0\u00bb overflow=\u00a0\u00bbvisible\u00a0\u00bb overlay_strength=\u00a0\u00bb0.3&Prime; gradient_direction=\u00a0\u00bbleft_to_right\u00a0\u00bb shape_divider_position=\u00a0\u00bbbottom\u00a0\u00bb bg_image_animation=\u00a0\u00bbnone\u00a0\u00bb][vc_column column_padding=\u00a0\u00bbno-extra-padding\u00a0\u00bb column_padding_tablet=\u00a0\u00bbinherit\u00a0\u00bb column_padding_phone=\u00a0\u00bbinherit\u00a0\u00bb column_padding_position=\u00a0\u00bball\u00a0\u00bb flex_gap_desktop=\u00a0\u00bb10px\u00a0\u00bb column_element_direction_desktop=\u00a0\u00bbdefault\u00a0\u00bb column_element_spacing=\u00a0\u00bbdefault\u00a0\u00bb desktop_text_alignment=\u00a0\u00bbdefault\u00a0\u00bb tablet_text_alignment=\u00a0\u00bbdefault\u00a0\u00bb phone_text_alignment=\u00a0\u00bbdefault\u00a0\u00bb background_color_opacity=\u00a0\u00bb1&Prime; background_hover_color_opacity=\u00a0\u00bb1&Prime; column_backdrop_filter=\u00a0\u00bbnone\u00a0\u00bb column_shadow=\u00a0\u00bbnone\u00a0\u00bb column_border_radius=\u00a0\u00bbnone\u00a0\u00bb column_link_target=\u00a0\u00bb_self\u00a0\u00bb column_position=\u00a0\u00bbdefault\u00a0\u00bb gradient_direction=\u00a0\u00bbleft_to_right\u00a0\u00bb overlay_strength=\u00a0\u00bb0.3&Prime; width=\u00a0\u00bb1\/1&Prime; tablet_width_inherit=\u00a0\u00bbdefault\u00a0\u00bb animation_type=\u00a0\u00bbdefault\u00a0\u00bb bg_image_animation=\u00a0\u00bbnone\u00a0\u00bb border_type=\u00a0\u00bbsimple\u00a0\u00bb column_border_width=\u00a0\u00bbnone\u00a0\u00bb column_border_style=\u00a0\u00bbsolid\u00a0\u00bb][nectar_cta btn_style=\u00a0\u00bbmaterial\u00a0\u00bb heading_tag=\u00a0\u00bbspan\u00a0\u00bb link_type=\u00a0\u00bbnew_tab\u00a0\u00bb text_color=\u00a0\u00bb#009FE3&Prime; text_color_hover=\u00a0\u00bb#2AC4EA\u00a0\u00bb alignment=\u00a0\u00bbleft\u00a0\u00bb alignment_tablet=\u00a0\u00bbdefault\u00a0\u00bb alignment_phone=\u00a0\u00bbdefault\u00a0\u00bb display=\u00a0\u00bbblock\u00a0\u00bb display_tablet=\u00a0\u00bbinherit\u00a0\u00bb display_phone=\u00a0\u00bbinherit\u00a0\u00bb link_text=\u00a0\u00bbT\u00e9l\u00e9charger le communiqu\u00e9 de presse\u00a0\u00bb url=\u00a0\u00bbhttps:\/\/www.medincell.com\/wp-content\/uploads\/2026\/09\/MDC_CP_EDNA_VENNEKER_01092026_vf.pdf\u00a0\u00bb aria_label_text=\u00a0\u00bbT\u00e9l\u00e9charger le communiqu\u00e9 de presse de Medincell\u00a0\u00bb][vc_text_separator title=\u00a0\u00bb\u00a0\u00bb title_align=\u00a0\u00bbseparator_align_left\u00a0\u00bb align=\u00a0\u00bbalign_left\u00a0\u00bb style=\u00a0\u00bbdotted\u00a0\u00bb border_width=\u00a0\u00bb2&Prime; css=\u00a0\u00bb.vc_custom_1771495321861{padding-bottom: 20px !important;}\u00a0\u00bb el_class=\u00a0\u00bb<\/p>\n<h6><\/h6>\n<p>\u00ab\u00a0][vc_column_text css=\u00a0\u00bb\u00a0\u00bb text_direction=\u00a0\u00bbdefault\u00a0\u00bb]<strong>Une dirigeante internationale exp\u00e9riment\u00e9e de l\u2019industrie pharmaceutique, disposant d\u2019une solide expertise en d\u00e9veloppement clinique, strat\u00e9gie r\u00e9glementaire, conduite de programmes et gestion de portefeuille<\/strong><\/p>\n<p><strong>Ancienne Head of Development et Senior Vice President de Gr\u00fcnenthal, Dr Edna Venneker poss\u00e8de une vaste exp\u00e9rience du d\u00e9veloppement de m\u00e9dicaments dans de nombreuses aires th\u00e9rapeutiques, ainsi qu\u2019une expertise approfondie en neurosciences et dans les troubles du syst\u00e8me nerveux central<\/strong>[\/vc_column_text][vc_text_separator title=\u00a0\u00bb\u00a0\u00bb title_align=\u00a0\u00bbseparator_align_left\u00a0\u00bb align=\u00a0\u00bbalign_left\u00a0\u00bb style=\u00a0\u00bbdotted\u00a0\u00bb border_width=\u00a0\u00bb2&Prime; css=\u00a0\u00bb.vc_custom_1776330802946{padding-top: 10px !important;padding-bottom: 10px !important;}\u00a0\u00bb el_class=\u00a0\u00bb<\/p>\n<h6><\/h6>\n<p>\u00ab\u00a0][vc_column_text css=\u00a0\u00bb\u00a0\u00bb text_direction=\u00a0\u00bbdefault\u00a0\u00bb]Medincell (Euronext : MEDCL), soci\u00e9t\u00e9 biopharmaceutique aux stades clinique et commercial qui d\u00e9veloppe sous licence des traitements injectables \u00e0 action prolong\u00e9e dans de nombreuses aires th\u00e9rapeutiques, annonce aujourd\u2019hui la nomination du Dr Edna Venneker au poste de Directrice m\u00e9dicale.<\/p>\n<p>Dr Edna Venneker poss\u00e8de une vaste exp\u00e9rience dans le d\u00e9veloppement de m\u00e9dicaments, couvrant la strat\u00e9gie non clinique et clinique, les affaires r\u00e9glementaires, la conduite des programmes et les d\u00e9cisions relatives au portefeuille. Elle a r\u00e9cemment occup\u00e9 les fonctions de Head of Development et Senior Vice President chez Gr\u00fcnenthal, o\u00f9 elle supervisait le d\u00e9veloppement clinique, les op\u00e9rations cliniques, les activit\u00e9s CMC, ainsi que la data science, notamment la pharmacom\u00e9trie et l\u2019Advanced Analytics. Elle a \u00e9galement exerc\u00e9 les fonctions de Deputy Chief Medical Officer ainsi que de membre de la direction R&amp;D et du comit\u00e9 de pilotage du portefeuille R&amp;D.<\/p>\n<p>Au cours de sa carri\u00e8re, Dr Edna Venneker a pilot\u00e9 des programmes mondiaux de d\u00e9veloppement impliquant des \u00e9quipes pluridisciplinaires, conseill\u00e9 des soci\u00e9t\u00e9s de biotechnologie et des groupes pharmaceutiques sur leurs strat\u00e9gies de d\u00e9veloppement et r\u00e9glementaires, et interagi directement avec la FDA, l\u2019EMA et la PMDA \u00e0 toutes les \u00e9tapes du d\u00e9veloppement des m\u00e9dicaments. Son exp\u00e9rience couvre un large \u00e9ventail de domaines th\u00e9rapeutiques et de types de produits, notamment les petites mol\u00e9cules, les m\u00e9dicaments biologiques, les vaccins et les th\u00e9rapies avanc\u00e9es.<\/p>\n<p><strong>Dr Edna Venneker, Directrice M\u00e9dicale de Medincell, d\u00e9clare : <\/strong><em>\u00ab Pour les traitements injectables \u00e0 action prolong\u00e9e, la strat\u00e9gie m\u00e9dicale et r\u00e9glementaire doit \u00eatre int\u00e9gr\u00e9e d\u00e8s les toutes premi\u00e8res \u00e9tapes de la conception du produit. Plus encore que pour les traitements habituels administr\u00e9s quotidiennement, leur d\u00e9veloppement exige une prise en compte \u00e9troite et simultan\u00e9e du besoin clinique, de la pharmacologie, de la formulation, de la fabrication, de la facilit\u00e9 d\u2019utilisation et des exigences r\u00e9glementaires. Le r\u00f4le de la Directrice m\u00e9dicale est donc \u00e0 la fois central et profond\u00e9ment transversal.<br \/>\n<\/em><em>Je me r\u00e9jouis de travailler avec les \u00e9quipes de Medincell ainsi qu\u2019avec ses partenaires actuels et futurs afin d\u2019\u00e9valuer les opportunit\u00e9s, de d\u00e9finir des profils cibles de produits diff\u00e9renciants et d\u2019identifier, pour chaque programme, la strat\u00e9gie de d\u00e9veloppement et la voie r\u00e9glementaire les plus pertinentes et les plus efficaces. La technologie de Medincell permet de repenser la mani\u00e8re dont des m\u00e9dicaments \u00e9prouv\u00e9s peuvent r\u00e9pondre \u00e0 d\u2019importants besoins m\u00e9dicaux non satisfaits. Je suis tr\u00e8s heureuse de contribuer \u00e0 convertir ce potentiel en nouvelles options th\u00e9rapeutiques porteuses de b\u00e9n\u00e9fices concrets pour les patients<\/em>.<em>\u00a0\u00bb<\/em><\/p>\n<p><strong>Christophe Douat, Directeur g\u00e9n\u00e9ral de Medincell, ajoute : <\/strong><em>\u00ab Edna Venneker associe une vision strat\u00e9gique \u00e0 une exp\u00e9rience approfondie et tr\u00e8s op\u00e9rationnelle de l\u2019ensemble du cycle de d\u00e9veloppement. Sa capacit\u00e9 \u00e0 articuler ambition m\u00e9dicale, conception du produit, strat\u00e9gie r\u00e9glementaire et ex\u00e9cution sera particuli\u00e8rement pr\u00e9cieuse alors que nous \u00e9largissons notre portefeuille et renfor\u00e7ons nos collaborations avec nos partenaires pharmaceutiques. Elle rejoint Medincell \u00e0 une \u00e9tape charni\u00e8re, alors que notre technologie et l\u2019exp\u00e9rience que nous avons acquise en mati\u00e8re de d\u00e9veloppement nous donnent l\u2019opportunit\u00e9 de concevoir la prochaine g\u00e9n\u00e9ration de m\u00e9dicaments \u00e0 action prolong\u00e9e. Sa nomination renforce notre capacit\u00e9 \u00e0 s\u00e9lectionner les opportunit\u00e9s les plus prometteuses, \u00e0 r\u00e9duire les risques li\u00e9s au d\u00e9veloppement et \u00e0 cr\u00e9er durablement de la valeur pour les patients, nos partenaires et nos actionnaires. \u00bb<\/em>[\/vc_column_text][vc_text_separator title=\u00a0\u00bb\u00a0\u00bb title_align=\u00a0\u00bbseparator_align_left\u00a0\u00bb align=\u00a0\u00bbalign_left\u00a0\u00bb style=\u00a0\u00bbdotted\u00a0\u00bb border_width=\u00a0\u00bb2&Prime; css=\u00a0\u00bb.vc_custom_1776330802946{padding-top: 10px !important;padding-bottom: 10px !important;}\u00a0\u00bb el_class=\u00a0\u00bb<\/p>\n<h6><\/h6>\n<p>\u00ab\u00a0][vc_column_text css=\u00a0\u00bb\u00a0\u00bb text_direction=\u00a0\u00bbdefault\u00a0\u00bb]<strong>A propos du Dr Edna Venneker<\/strong>[\/vc_column_text][vc_column_text css=\u00a0\u00bb\u00a0\u00bb text_direction=\u00a0\u00bbdefault\u00a0\u00bb]Avant de rejoindre Medincell, Dr Edna Venneker \u00e9tait Head of Development et Senior Vice President chez Gr\u00fcnenthal, o\u00f9 elle supervisait des fonctions couvrant le d\u00e9veloppement clinique, les op\u00e9rations cliniques, les activit\u00e9s CMC, la data science, ainsi que la pharmacom\u00e9trie et l\u2019Advanced Analytics. Elle avait auparavant exerc\u00e9 les fonctions de Global Program Lead et Vice President chez Gr\u00fcnenthal, avec la responsabilit\u00e9 strat\u00e9gique et op\u00e9rationnelle d\u2019un programme mondial de d\u00e9veloppement de Phase III et de son \u00e9quipe pluridisciplinaire.<\/p>\n<p>Plus t\u00f4t dans sa carri\u00e8re, elle a cofond\u00e9 Afforce Healthcare, dont elle a \u00e9t\u00e9 Senior Partner, conseillant des soci\u00e9t\u00e9s de biotechnologie et des groupes pharmaceutiques sur le d\u00e9veloppement de m\u00e9dicaments, le d\u00e9veloppement clinique, les affaires m\u00e9dicales et la strat\u00e9gie r\u00e9glementaire. Elle a \u00e9galement exerc\u00e9 des fonctions de Chief Medical Officer et de responsable du d\u00e9veloppement pour plusieurs soci\u00e9t\u00e9s de biotechnologie et programmes, accompagnant des projets depuis le d\u00e9veloppement non clinique jusqu\u2019aux \u00e9tudes cliniques et aux soumissions r\u00e9glementaires. Elle a auparavant occup\u00e9 diff\u00e9rents postes chez Mundipharma Research, Pharming et Yamanouchi Europe, aujourd\u2019hui Astellas.<\/p>\n<p>Dr Edna Venneker est titulaire d\u2019un dipl\u00f4me de m\u00e9decine de l\u2019Universit\u00e9 Radboud de Nim\u00e8gue, aux Pays-Bas.[\/vc_column_text][vc_text_separator title=\u00a0\u00bb\u00a0\u00bb title_align=\u00a0\u00bbseparator_align_left\u00a0\u00bb align=\u00a0\u00bbalign_left\u00a0\u00bb style=\u00a0\u00bbdotted\u00a0\u00bb border_width=\u00a0\u00bb2&Prime; css=\u00a0\u00bb.vc_custom_1776330802946{padding-top: 10px !important;padding-bottom: 10px !important;}\u00a0\u00bb el_class=\u00a0\u00bb<\/p>\n<h6><\/h6>\n<p>\u00ab\u00a0][vc_column_text css=\u00a0\u00bb\u00a0\u00bb text_direction=\u00a0\u00bbdefault\u00a0\u00bb]<strong>A propos de Medincell<\/strong>[\/vc_column_text][vc_column_text css=\u00a0\u00bb\u00a0\u00bb text_direction=\u00a0\u00bbdefault\u00a0\u00bb]Medincell est une soci\u00e9t\u00e9 biopharmaceutique innovante en phase clinique et commerciale, qui d\u00e9veloppe et commercialise sous licence des traitements injectables \u00e0 action prolong\u00e9e dans de multiples domaines th\u00e9rapeutiques. Ces traitements visent \u00e0 garantir le respect des prescriptions m\u00e9dicales, \u00e0 am\u00e9liorer l&rsquo;efficacit\u00e9 et l&rsquo;accessibilit\u00e9 des m\u00e9dicaments et \u00e0 r\u00e9duire leur empreinte environnementale.<\/p>\n<p>Ils combinent des principes actifs avec nos technologies propri\u00e9taires BEPO<sup>\u00ae<\/sup> \/ BEPO<sup>\u00ae<\/sup> Star, qui contr\u00f4lent la lib\u00e9ration d&rsquo;un m\u00e9dicament \u00e0 un niveau th\u00e9rapeutique pendant plusieurs jours, semaines ou mois \u00e0 partir de l&rsquo;injection sous-cutan\u00e9e ou locale d&rsquo;un simple d\u00e9p\u00f4t enti\u00e8rement bior\u00e9sorbable.<\/p>\n<p>La risp\u00e9ridone LAI est le premier traitement utilisant la technologie BEPO<sup>\u00ae<\/sup> \u00e0 avoir \u00e9t\u00e9 approuv\u00e9 par la FDA, d&rsquo;abord pour la schizophr\u00e9nie en avril 2023, puis pour le trouble bipolaire I en octobre 2025. Il est commercialis\u00e9 aux \u00c9tats-Unis par Teva sous le nom d&rsquo;UZEDY<sup>\u00ae<\/sup> (la technologie BEPO est licenci\u00e9e \u00e0 Teva sous le nom de SteadyTeq\u2122).<\/p>\n<p>Une demande d\u2019autorisation de mise sur le march\u00e9 pour l\u2019Olanzapine LAI en traitement mensuel de la schizophr\u00e9nie chez l\u2019adulte a \u00e9t\u00e9 soumise \u00e0 la FDA am\u00e9ricaine en d\u00e9cembre 2025 par le partenaire de Medincell, Teva. La FDA a accept\u00e9 le dossier de demande de mise sur le march\u00e9 le 20 f\u00e9vrier 2026. Une demande d\u2019autorisation de mise sur le march\u00e9 (AMM) en Europe a \u00e9galement \u00e9t\u00e9 accept\u00e9e par l\u2019EMA en mai 2026.<\/p>\n<p>Le pipeline de Medincell comprend de nombreux candidats m\u00e9dicaments innovants \u00e0 diff\u00e9rents stades de d\u00e9veloppement, de la formulation aux essais cliniques de phase 3. Nous collaborons avec des entreprises pharmaceutiques de premier plan et des fondations pour am\u00e9liorer la sant\u00e9 dans le monde gr\u00e2ce \u00e0 de nouvelles options de traitement.<\/p>\n<p>Bas\u00e9e \u00e0 Montpellier, Medincell emploie plus de 150 personnes repr\u00e9sentant plus de 27 nationalit\u00e9s diff\u00e9rentes.<\/p>\n<p><a href=\"https:\/\/www.medincell.com\/fr\/\"><strong>medincell.com<\/strong><\/a><\/p>\n<p><em>UZEDY<sup>\u00ae<\/sup> et SteadyTeq\u2122 sont des marques d\u00e9pos\u00e9es de Teva Pharmaceuticals<\/em>[\/vc_column_text][vc_text_separator title=\u00a0\u00bb\u00a0\u00bb title_align=\u00a0\u00bbseparator_align_left\u00a0\u00bb align=\u00a0\u00bbalign_left\u00a0\u00bb style=\u00a0\u00bbdotted\u00a0\u00bb border_width=\u00a0\u00bb2&Prime; css=\u00a0\u00bb.vc_custom_1771258966470{padding-top: 20px !important;padding-bottom: 20px !important;}\u00a0\u00bb el_class=\u00a0\u00bb<\/p>\n<h6><\/h6>\n<p>\u00ab\u00a0][vc_column_text css=\u00a0\u00bb\u00a0\u00bb text_direction=\u00a0\u00bbdefault\u00a0\u00bb]\n<h6><strong>Contacts<\/strong><\/h6>\n[\/vc_column_text][\/vc_column][\/vc_row][vc_row type=\u00a0\u00bbin_container\u00a0\u00bb full_screen_row_position=\u00a0\u00bbmiddle\u00a0\u00bb column_margin=\u00a0\u00bbdefault\u00a0\u00bb column_direction=\u00a0\u00bbdefault\u00a0\u00bb column_direction_tablet=\u00a0\u00bbdefault\u00a0\u00bb column_direction_phone=\u00a0\u00bbdefault\u00a0\u00bb scene_position=\u00a0\u00bbcenter\u00a0\u00bb text_color=\u00a0\u00bbdark\u00a0\u00bb text_align=\u00a0\u00bbleft\u00a0\u00bb row_border_radius=\u00a0\u00bbnone\u00a0\u00bb row_border_radius_applies=\u00a0\u00bbbg\u00a0\u00bb row_position_desktop=\u00a0\u00bbdefault\u00a0\u00bb row_position_tablet=\u00a0\u00bbinherit\u00a0\u00bb row_position_phone=\u00a0\u00bbinherit\u00a0\u00bb overflow=\u00a0\u00bbvisible\u00a0\u00bb overlay_strength=\u00a0\u00bb0.3&Prime; gradient_direction=\u00a0\u00bbleft_to_right\u00a0\u00bb shape_divider_position=\u00a0\u00bbbottom\u00a0\u00bb bg_image_animation=\u00a0\u00bbnone\u00a0\u00bb][vc_column column_padding=\u00a0\u00bbno-extra-padding\u00a0\u00bb column_padding_tablet=\u00a0\u00bbinherit\u00a0\u00bb column_padding_phone=\u00a0\u00bbinherit\u00a0\u00bb column_padding_position=\u00a0\u00bball\u00a0\u00bb flex_gap_desktop=\u00a0\u00bb10px\u00a0\u00bb column_element_direction_desktop=\u00a0\u00bbdefault\u00a0\u00bb column_element_spacing=\u00a0\u00bbdefault\u00a0\u00bb desktop_text_alignment=\u00a0\u00bbdefault\u00a0\u00bb tablet_text_alignment=\u00a0\u00bbdefault\u00a0\u00bb phone_text_alignment=\u00a0\u00bbdefault\u00a0\u00bb background_color_opacity=\u00a0\u00bb1&Prime; background_hover_color_opacity=\u00a0\u00bb1&Prime; column_backdrop_filter=\u00a0\u00bbnone\u00a0\u00bb column_shadow=\u00a0\u00bbnone\u00a0\u00bb column_border_radius=\u00a0\u00bbnone\u00a0\u00bb column_link_target=\u00a0\u00bb_self\u00a0\u00bb column_position=\u00a0\u00bbdefault\u00a0\u00bb gradient_direction=\u00a0\u00bbleft_to_right\u00a0\u00bb overlay_strength=\u00a0\u00bb0.3&Prime; width=\u00a0\u00bb1\/2&Prime; tablet_width_inherit=\u00a0\u00bbdefault\u00a0\u00bb animation_type=\u00a0\u00bbdefault\u00a0\u00bb bg_image_animation=\u00a0\u00bbnone\u00a0\u00bb border_type=\u00a0\u00bbsimple\u00a0\u00bb column_border_width=\u00a0\u00bbnone\u00a0\u00bb column_border_style=\u00a0\u00bbsolid\u00a0\u00bb][vc_column_text css=\u00a0\u00bb\u00a0\u00bb text_direction=\u00a0\u00bbdefault\u00a0\u00bb]<strong>David Heuz\u00e9<\/strong><br \/>\nHead of Corporate and Financial Communications, and ESG<br \/>\n<a href=\"mailto:david.heuze@medincell.com\" target=\"_blank\" rel=\"noopener\">david.heuze@medincell.com<\/a> \/ +33 (0)6 83 25 21 86<\/p>\n<p><strong>Grace Kim<\/strong><br \/>\nChief Strategy Officer, U.S. Finance<br \/>\n<a href=\"mailto:grace.kim@medincell.com\" target=\"_blank\" rel=\"noopener\">grace.kim@medincell.com<\/a> \/ +1 (646) 991-4023[\/vc_column_text][\/vc_column][vc_column column_padding=\u00a0\u00bbno-extra-padding\u00a0\u00bb column_padding_tablet=\u00a0\u00bbinherit\u00a0\u00bb column_padding_phone=\u00a0\u00bbinherit\u00a0\u00bb column_padding_position=\u00a0\u00bball\u00a0\u00bb flex_gap_desktop=\u00a0\u00bb10px\u00a0\u00bb column_element_direction_desktop=\u00a0\u00bbdefault\u00a0\u00bb column_element_spacing=\u00a0\u00bbdefault\u00a0\u00bb desktop_text_alignment=\u00a0\u00bbdefault\u00a0\u00bb tablet_text_alignment=\u00a0\u00bbdefault\u00a0\u00bb phone_text_alignment=\u00a0\u00bbdefault\u00a0\u00bb background_color_opacity=\u00a0\u00bb1&Prime; background_hover_color_opacity=\u00a0\u00bb1&Prime; column_backdrop_filter=\u00a0\u00bbnone\u00a0\u00bb column_shadow=\u00a0\u00bbnone\u00a0\u00bb column_border_radius=\u00a0\u00bbnone\u00a0\u00bb column_link_target=\u00a0\u00bb_self\u00a0\u00bb column_position=\u00a0\u00bbdefault\u00a0\u00bb gradient_direction=\u00a0\u00bbleft_to_right\u00a0\u00bb overlay_strength=\u00a0\u00bb0.3&Prime; width=\u00a0\u00bb1\/2&Prime; tablet_width_inherit=\u00a0\u00bbdefault\u00a0\u00bb animation_type=\u00a0\u00bbdefault\u00a0\u00bb bg_image_animation=\u00a0\u00bbnone\u00a0\u00bb border_type=\u00a0\u00bbsimple\u00a0\u00bb column_border_width=\u00a0\u00bbnone\u00a0\u00bb column_border_style=\u00a0\u00bbsolid\u00a0\u00bb][vc_column_text css=\u00a0\u00bb\u00a0\u00bb text_direction=\u00a0\u00bbdefault\u00a0\u00bb]<strong>Nicolas M\u00e9rigeau \/ Arthur Rouill\u00e9<\/strong><br \/>\nMedia Relations<br \/>\n<a href=\"mailto:Medincell@newcap.eu\" target=\"_blank\" rel=\"noopener\">Medincell@newcap.eu<\/a> \/ +33 (0)1 44 71 94 94<\/p>\n<p><strong>Louis-Victor Delouvrier \/ Alban Dufumier<\/strong><br \/>\nRelations Investisseurs France<br \/>\n<a href=\"mailto:Medincell@newcap.eu\" target=\"_blank\" rel=\"noopener\">Medincell@newcap.eu<\/a> \/ +33 (0)1 44 71 94 94[\/vc_column_text][\/vc_column][\/vc_row][vc_row type=\u00a0\u00bbin_container\u00a0\u00bb full_screen_row_position=\u00a0\u00bbmiddle\u00a0\u00bb column_margin=\u00a0\u00bbdefault\u00a0\u00bb column_direction=\u00a0\u00bbdefault\u00a0\u00bb column_direction_tablet=\u00a0\u00bbdefault\u00a0\u00bb column_direction_phone=\u00a0\u00bbdefault\u00a0\u00bb scene_position=\u00a0\u00bbcenter\u00a0\u00bb text_color=\u00a0\u00bbdark\u00a0\u00bb text_align=\u00a0\u00bbleft\u00a0\u00bb row_border_radius=\u00a0\u00bbnone\u00a0\u00bb row_border_radius_applies=\u00a0\u00bbbg\u00a0\u00bb row_position_desktop=\u00a0\u00bbdefault\u00a0\u00bb row_position_tablet=\u00a0\u00bbinherit\u00a0\u00bb row_position_phone=\u00a0\u00bbinherit\u00a0\u00bb overflow=\u00a0\u00bbvisible\u00a0\u00bb overlay_strength=\u00a0\u00bb0.3&Prime; gradient_direction=\u00a0\u00bbleft_to_right\u00a0\u00bb shape_divider_position=\u00a0\u00bbbottom\u00a0\u00bb bg_image_animation=\u00a0\u00bbnone\u00a0\u00bb][vc_column column_padding=\u00a0\u00bbno-extra-padding\u00a0\u00bb column_padding_tablet=\u00a0\u00bbinherit\u00a0\u00bb column_padding_phone=\u00a0\u00bbinherit\u00a0\u00bb column_padding_position=\u00a0\u00bball\u00a0\u00bb flex_gap_desktop=\u00a0\u00bb10px\u00a0\u00bb column_element_direction_desktop=\u00a0\u00bbdefault\u00a0\u00bb column_element_spacing=\u00a0\u00bbdefault\u00a0\u00bb desktop_text_alignment=\u00a0\u00bbdefault\u00a0\u00bb tablet_text_alignment=\u00a0\u00bbdefault\u00a0\u00bb phone_text_alignment=\u00a0\u00bbdefault\u00a0\u00bb background_color_opacity=\u00a0\u00bb1&Prime; background_hover_color_opacity=\u00a0\u00bb1&Prime; column_backdrop_filter=\u00a0\u00bbnone\u00a0\u00bb column_shadow=\u00a0\u00bbnone\u00a0\u00bb column_border_radius=\u00a0\u00bbnone\u00a0\u00bb column_link_target=\u00a0\u00bb_self\u00a0\u00bb column_position=\u00a0\u00bbdefault\u00a0\u00bb gradient_direction=\u00a0\u00bbleft_to_right\u00a0\u00bb overlay_strength=\u00a0\u00bb0.3&Prime; width=\u00a0\u00bb1\/1&Prime; tablet_width_inherit=\u00a0\u00bbdefault\u00a0\u00bb animation_type=\u00a0\u00bbdefault\u00a0\u00bb bg_image_animation=\u00a0\u00bbnone\u00a0\u00bb border_type=\u00a0\u00bbsimple\u00a0\u00bb column_border_width=\u00a0\u00bbnone\u00a0\u00bb column_border_style=\u00a0\u00bbsolid\u00a0\u00bb][toggles style=\u00a0\u00bbdefault\u00a0\u00bb border_radius=\u00a0\u00bbnone\u00a0\u00bb][toggle color=\u00a0\u00bbDefault\u00a0\u00bb heading_tag=\u00a0\u00bbdefault\u00a0\u00bb heading_tag_functionality=\u00a0\u00bbdefault\u00a0\u00bb title=\u00a0\u00bbAvertissement relatif aux d\u00e9clarations prospectives\u00a0\u00bb][vc_column_text css=\u00a0\u00bb\u00a0\u00bb text_direction=\u00a0\u00bbdefault\u00a0\u00bb]Ce communiqu\u00e9 de presse peut contenir des d\u00e9clarations prospectives, notamment concernant la progression des essais cliniques de la Soci\u00e9t\u00e9. M\u00eame si la Soci\u00e9t\u00e9 consid\u00e8re que ses pr\u00e9visions sont fond\u00e9es sur des hypoth\u00e8ses raisonnables, toutes d\u00e9clarations autres que des d\u00e9clarations de faits historiques que pourrait contenir ce communiqu\u00e9 de presse relatives \u00e0 des \u00e9v\u00e9nements futurs sont sujettes \u00e0 des changements sans pr\u00e9avis, \u00e0 des facteurs que la Soci\u00e9t\u00e9 ne ma\u00eetrise pas et aux capacit\u00e9s financi\u00e8res de la Soci\u00e9t\u00e9.<\/p>\n<p>Ces d\u00e9clarations peuvent inclure, sans que cette liste soit limitative, toutes d\u00e9clarations commen\u00e7ant par, suivies par ou comprenant des mots ou expressions tels que \u00ab objectif \u00bb, \u00ab croire \u00bb, \u00ab pr\u00e9voir \u00bb, \u00ab viser \u00bb, \u00ab avoir l\u2019intention de \u00bb, \u00ab pouvoir \u00bb, \u00ab anticiper \u00bb, \u00ab estimer \u00bb, \u00ab planifier \u00bb, \u00ab projeter \u00bb, \u00ab devra \u00bb, \u00ab peut avoir \u00bb, \u00ab probablement \u00bb, \u00ab devrait \u00bb, \u00ab pourrait \u00bb et d\u2019autres mots et expressions de m\u00eame sens ou employ\u00e9s \u00e0 la forme n\u00e9gative. Les d\u00e9clarations prospectives sont sujettes \u00e0 des risques intrins\u00e8ques et \u00e0 des incertitudes hors du contr\u00f4le de la Soci\u00e9t\u00e9 qui peuvent, le cas \u00e9ch\u00e9ant, entra\u00eener des diff\u00e9rences notables entre les r\u00e9sultats, performances ou r\u00e9alisations r\u00e9els de la Soci\u00e9t\u00e9 et ceux anticip\u00e9s ou exprim\u00e9s explicitement ou implicitement par lesdites d\u00e9clarations prospectives.<\/p>\n<p>Une liste et une description de ces risques, \u00e9ventualit\u00e9s et incertitudes figurent dans les documents d\u00e9pos\u00e9s par la Soci\u00e9t\u00e9 aupr\u00e8s de l&rsquo;Autorit\u00e9 des march\u00e9s financiers (l&rsquo;\u00ab AMF \u00bb) conform\u00e9ment \u00e0 ses obligations r\u00e9glementaires, notamment le document d\u2019enregistrement universel de la Soci\u00e9t\u00e9, d\u00e9pos\u00e9 aupr\u00e8s de l&rsquo;AMF le 29 juillet 2025 sous le num\u00e9ro D. 25-0580 (le \u00ab Document d&rsquo;enregistrement universel \u00bb), ainsi que dans les documents et rapports qui seront publi\u00e9s ult\u00e9rieurement par la Soci\u00e9t\u00e9. L&rsquo;attention des lecteurs est notamment attir\u00e9e sur la section intitul\u00e9e \u00ab Facteurs de risques \u00bb \u00e0 la page 30 du Document d&rsquo;enregistrement.<\/p>\n<p>Les d\u00e9clarations prospectives faites par ou au nom de la Soci\u00e9t\u00e9 ne sont valables qu&rsquo;\u00e0 la date \u00e0 laquelle elles sont faites. Sauf si la loi l&rsquo;exige, la Soci\u00e9t\u00e9 ne s&rsquo;engage aucunement \u00e0 mettre \u00e0 jour publiquement ces d\u00e9clarations prospectives ou \u00e0 mettre \u00e0 jour les raisons pour lesquelles les r\u00e9sultats r\u00e9els pourraient diff\u00e9rer sensiblement de ceux anticip\u00e9s dans les d\u00e9clarations prospectives, y compris dans le cas o\u00f9 de nouvelles informations seraient disponibles. La mise \u00e0 jour par la Soci\u00e9t\u00e9 d&rsquo;une ou plusieurs d\u00e9clarations prospectives n&rsquo;implique pas que la Soci\u00e9t\u00e9 proc\u00e9dera \u00e0 d&rsquo;autres mises \u00e0 jour de ces d\u00e9clarations prospectives ou d&rsquo;autres d\u00e9clarations prospectives. Les lecteurs sont pri\u00e9s de ne pas se fier ind\u00fbment \u00e0 ces d\u00e9clarations prospectives.<\/p>\n<p>Le pr\u00e9sent communiqu\u00e9 de presse est publi\u00e9 \u00e0 titre informatif uniquement. Les informations qu&rsquo;il contient ne constituent pas une offre de vente ni une sollicitation d&rsquo;offre d&rsquo;achat ou de souscription d&rsquo;actions de la Soci\u00e9t\u00e9 dans quelque juridiction que ce soit, en particulier en France. De m\u00eame, le pr\u00e9sent communiqu\u00e9 de presse ne constitue pas un conseil en investissement et ne doit pas \u00eatre consid\u00e9r\u00e9 comme tel. Il n&rsquo;est pas li\u00e9 aux objectifs d&rsquo;investissement, \u00e0 la situation financi\u00e8re ou aux besoins sp\u00e9cifiques d&rsquo;un destinataire quelconque. Il ne doit pas priver les destinataires de la possibilit\u00e9 d&rsquo;exercer leur propre jugement. Toutes les opinions exprim\u00e9es dans le pr\u00e9sent document sont susceptibles d&rsquo;\u00eatre modifi\u00e9es sans pr\u00e9avis. La diffusion du pr\u00e9sent communiqu\u00e9 de presse peut \u00eatre soumise \u00e0 des restrictions l\u00e9gales dans certaines juridictions.[\/vc_column_text][vc_column_text][\/vc_column_text][\/toggle][\/toggles][\/vc_column][\/vc_row]\n","protected":false},"excerpt":{"rendered":"<p>[vc_row type=\u00a0\u00bbin_container\u00a0\u00bb full_screen_row_position=\u00a0\u00bbmiddle\u00a0\u00bb column_margin=\u00a0\u00bbdefault\u00a0\u00bb column_direction=\u00a0\u00bbdefault\u00a0\u00bb column_direction_tablet=\u00a0\u00bbdefault\u00a0\u00bb column_direction_phone=\u00a0\u00bbdefault\u00a0\u00bb scene_position=\u00a0\u00bbcenter\u00a0\u00bb text_color=\u00a0\u00bbdark\u00a0\u00bb text_align=\u00a0\u00bbleft\u00a0\u00bb row_border_radius=\u00a0\u00bbnone\u00a0\u00bb row_border_radius_applies=\u00a0\u00bbbg\u00a0\u00bb row_position_desktop=\u00a0\u00bbdefault\u00a0\u00bb row_position_tablet=\u00a0\u00bbinherit\u00a0\u00bb row_position_phone=\u00a0\u00bbinherit\u00a0\u00bb overflow=\u00a0\u00bbvisible\u00a0\u00bb overlay_strength=\u00a0\u00bb0.3&Prime; gradient_direction=\u00a0\u00bbleft_to_right\u00a0\u00bb shape_divider_position=\u00a0\u00bbbottom\u00a0\u00bb bg_image_animation=\u00a0\u00bbnone\u00a0\u00bb][vc_column column_padding=\u00a0\u00bbno-extra-padding\u00a0\u00bb column_padding_tablet=\u00a0\u00bbinherit\u00a0\u00bb column_padding_phone=\u00a0\u00bbinherit\u00a0\u00bb column_padding_position=\u00a0\u00bball\u00a0\u00bb flex_gap_desktop=\u00a0\u00bb10px\u00a0\u00bb column_element_direction_desktop=\u00a0\u00bbdefault\u00a0\u00bb column_element_spacing=\u00a0\u00bbdefault\u00a0\u00bb desktop_text_alignment=\u00a0\u00bbdefault\u00a0\u00bb tablet_text_alignment=\u00a0\u00bbdefault\u00a0\u00bb phone_text_alignment=\u00a0\u00bbdefault\u00a0\u00bb&#8230;<\/p>\n","protected":false},"author":7,"featured_media":0,"comment_status":"closed","ping_status":"closed","sticky":false,"template":"","format":"standard","meta":{"_seopress_titles_title":"Medincell nomme le Dr Edna Venneker Directrice m\u00e9dicale","_seopress_titles_desc":"Medincell nomme le Dr Edna Venneker Directrice m\u00e9dicale pour renforcer le d\u00e9veloppement de ses traitements injectables \u00e0 action prolong\u00e9e.","_seopress_robots_index":"","_seopress_robots_follow":"","_seopress_robots_imageindex":"","_seopress_robots_snippet":"","_seopress_robots_primary_cat":"","_seopress_robots_breadcrumbs":"","_seopress_robots_freeze_modified_date":"","_seopress_robots_custom_modified_date":"","_seopress_robots_canonical":"","_seopress_social_fb_title":"","_seopress_social_fb_desc":"","_seopress_social_fb_img":"","_seopress_social_fb_img_attachment_id":0,"_seopress_social_fb_img_width":0,"_seopress_social_fb_img_height":0,"_seopress_social_twitter_title":"","_seopress_social_twitter_desc":"","_seopress_social_twitter_img":"","_seopress_social_twitter_img_attachment_id":0,"_seopress_social_twitter_img_width":0,"_seopress_social_twitter_img_height":0,"_seopress_redirections_value":"","_seopress_redirections_enabled":"","_seopress_redirections_enabled_regex":"","_seopress_redirections_logged_status":"both","_seopress_redirections_param":"","_seopress_redirections_type":301,"_seopress_analysis_target_kw":"","_seopress_news_disabled":"","_seopress_video_disabled":"","_seopress_video":[],"_seopress_pro_schemas_manual":[],"_seopress_pro_rich_snippets_disable_all":"","_seopress_pro_rich_snippets_disable":[],"_seopress_pro_schemas":[],"itsec_x_frame_options":"","footnotes":""},"categories":[37,38,39,29],"tags":[65],"class_list":["post-33111","post","type-post","status-publish","format-standard","category-home-fr","category-investors-fr","category-news-fr","category-non-classifiee","tag-65"],"_links":{"self":[{"href":"https:\/\/www.medincell.com\/fr\/wp-json\/wp\/v2\/posts\/33111","targetHints":{"allow":["GET"]}}],"collection":[{"href":"https:\/\/www.medincell.com\/fr\/wp-json\/wp\/v2\/posts"}],"about":[{"href":"https:\/\/www.medincell.com\/fr\/wp-json\/wp\/v2\/types\/post"}],"author":[{"embeddable":true,"href":"https:\/\/www.medincell.com\/fr\/wp-json\/wp\/v2\/users\/7"}],"replies":[{"embeddable":true,"href":"https:\/\/www.medincell.com\/fr\/wp-json\/wp\/v2\/comments?post=33111"}],"version-history":[{"count":2,"href":"https:\/\/www.medincell.com\/fr\/wp-json\/wp\/v2\/posts\/33111\/revisions"}],"predecessor-version":[{"id":33127,"href":"https:\/\/www.medincell.com\/fr\/wp-json\/wp\/v2\/posts\/33111\/revisions\/33127"}],"wp:attachment":[{"href":"https:\/\/www.medincell.com\/fr\/wp-json\/wp\/v2\/media?parent=33111"}],"wp:term":[{"taxonomy":"category","embeddable":true,"href":"https:\/\/www.medincell.com\/fr\/wp-json\/wp\/v2\/categories?post=33111"},{"taxonomy":"post_tag","embeddable":true,"href":"https:\/\/www.medincell.com\/fr\/wp-json\/wp\/v2\/tags?post=33111"}],"curies":[{"name":"wp","href":"https:\/\/api.w.org\/{rel}","templated":true}]}}